{"id":286134,"date":"2026-03-02T16:23:00","date_gmt":"2026-03-02T15:23:00","guid":{"rendered":"https:\/\/www.msd-online.ch\/?p=286134"},"modified":"2026-03-17T14:10:29","modified_gmt":"2026-03-17T13:10:29","slug":"looking-back-on-a-powerful-week-of-alliance-prayer","status":"publish","type":"post","link":"https:\/\/www2.msd-online.ch\/en\/looking-back-on-a-powerful-week-of-alliance-prayer\/","title":{"rendered":"Looking back on a powerful week of alliance prayer."},"content":{"rendered":"\n<p>From January 11 to 18, 2026, we experienced a very powerful week of alliance prayer. Christians from different churches and generations came together to pray. We were able to pray together for various concerns, intercede for one another in prayer, and encourage one another.<\/p>\n\n\n\n<figure class=\"wp-block-image size-large\"><img decoding=\"async\" src=\"https:\/\/www2.msd-online.ch\/wp-content\/uploads\/2026\/03\/AGW_bilder-2-e1772461538667-1024x640.jpg\" alt=\"\" class=\"wp-image-286138\" style=\"aspect-ratio:16\/9;object-fit:cover\"\/><\/figure>\n\n\n\n<p>This year's theme was the Holy Spirit and spiritual gifts. Various prayer stations were set up, each focusing on a different spiritual gift. The room was designed so that the cross stood in the center and streams of the Holy Spirit flowed through the room.<\/p>\n\n\n\n<p>Every evening there was a worship and prayer meeting, and each evening different people led the worship. Time and again we saw how God touched people and met them. The moments when we prayed together for specific concerns or stood up for one another were particularly valuable.<\/p>\n\n\n\n<p>One of the most beautiful moments was when we stood in a circle around the cross and prayed together for illnesses and concerns. It was a moment of unity, with young and old praying together.<\/p>\n\n\n\n<p>Wednesday evening was a very powerful evening. Someone shared a testimony in which he told how he had negative thoughts about himself. When he gave this to Jesus, he experienced freedom. He encouraged others: if you struggle with such thoughts yourself, go to the cross so that others can pray for you. It was a moment when some came before God and said they had a problem and were able to give it to Jesus.<\/p>\n\n\n\n<p>This week, we have seen that prayer has power. And that God hears our prayers. It changes people, situations, and hearts.<br><br>That is why we do not want to stop praying together, because we believe that prayer has power. For this reason, we are launching \u201cWe Pray.\u201d This is an evening of prayer and worship that takes place on the second Thursday of every month at 7:00 p.m. at the Frutigen Prayer House. If you are hungry for prayer, then be sure to come to We Pray.<\/p>\n\n\n\n<p>Translated with DeepL.com (free version)<\/p>\n<div class=\"et_pb_section_0 et_pb_section et_pb_section--fixed et_section_regular et_flex_section\" id=\"popup_projekte\"><div class=\"et_pb_row_0 et_pb_row et_flex_row\" id=\"popup-projekte-inhalt\"><div class=\"et_pb_column_0 et_pb_column et_flex_column et_pb_css_mix_blend_mode_passthrough et_flex_column_24_24 et_flex_column_24_24_phone\" id=\"bild_popup\"><div class=\"et_pb_code_0 et_pb_code et_pb_module\"><\/div><\/div><div class=\"et_pb_column_1 et_pb_column et-last-child et_flex_column et_pb_css_mix_blend_mode_passthrough et_flex_column_24_24 et_flex_column_24_24_phone\"><div class=\"et_pb_group_0 et_pb_group et_pb_module et_flex_group et_pb_css_mix_blend_mode_passthrough\"><div class=\"et_pb_image_0 et_pb_image et_pb_module et_flex_module\" id=\"logo_popup\"><span class=\"et_pb_image_wrap\"><img src=\"https:\/\/www2.msd-online.ch\/wp-content\/uploads\/2025\/05\/cc_popup.png\" title=\"cc_popup\" width=\"1080\" height=\"226\" srcset=\"https:\/\/www2.msd-online.ch\/wp-content\/uploads\/2025\/05\/cc_popup.png 1080w, https:\/\/www2.msd-online.ch\/wp-content\/uploads\/2025\/05\/cc_popup-980x205.png 980w, https:\/\/www2.msd-online.ch\/wp-content\/uploads\/2025\/05\/cc_popup-480x100.png 480w\" sizes=\"(min-width: 0px) and (max-width: 480px) 480px, (min-width: 481px) and (max-width: 980px) 980px, (min-width: 981px) 1080px, 100vw\" class=\"wp-image-282846\" \/><\/span><\/div><div class=\"et_pb_text_0 et_pb_text et_pb_bg_layout_light et_pb_module et_flex_module\" id=\"beschreibung\"><div class=\"et_pb_text_inner\"><p><span>\"Seit 1962 entwickeln sich die Change Camps stetig weiter. Sie verbinden tiefe Gemeinschaft, starke Gotteserfahrungen und das Eintauchen in andere Kulturen. Durch kreative Outreaches mit Sport, praktischen Eins\u00e4tzen, Worship und Prayer Walks wachsen wir in einen evangelistischen Lebensstil. Unsere Vision ist, Jesus in verschiedenen Nationen bekannt zu machen und Jugendliche f\u00fcr ein Leben zu begeistern, das Gott ehrt. Wir wollen lokale Kirchen unterst\u00fctzen und ein Segen f\u00fcr Menschen vor Ort sein. Ein Change Camp soll das Leben der Teilnehmenden nachhaltig ver\u00e4ndern, ihr Herz neu f\u00fcr Gott entfachen und sie mit Leidenschaft f\u00fcr Mitmenschen, Regionen und Nationen erf\u00fcllen \u2013 damit sie diese Begeisterung auch in ihren Alltag tragen.\"<\/span><\/p>\n<\/div><\/div><div class=\"et_pb_module et_pb_button_module_wrapper et_pb_button_0_wrapper preset--module--divi-button--default_wrapper\"><a class=\"et_pb_button_0 et_pb_button et_pb_bg_layout_dark et_pb_module et_flex_module preset--module--divi-button--default\" href=\"\" target=\"_blank\" id=\"projekt_button\">titel<\/a><\/div><\/div><div class=\"et_pb_icon_0 et_pb_icon et-interaction-target-kp1pp7plxu et_pb_module et_flex_module\" data-interaction-trigger=\"poknua1gij\" data-interaction-target=\"kp1pp7plxu\"><span class=\"et_pb_icon_wrap\"><span class=\"et-pb-icon\">\uf00d<\/span><\/span><\/div><div class=\"et_pb_text_1 et_pb_text et_pb_bg_layout_light et_pb_module et_flex_module\" id=\"kostenstelle\"><div class=\"et_pb_text_inner\"><p><spantitillium web=\"\" arial=\"\" font-weight:normal=\"\" font-style:normal=\"\" data-sheets-root=\"1\"><strong>Would you like to support the project financially?<br \/>\n<\/strong>Missionswerk msd | Grassiweg 3 | 3714 Frutigen<\/spantitillium><br \/>\nPC-Nr. 30-26890-3 | IBAN CH69 0900 0000 3002 6890 3<br \/>\nNote:\u00a0<span id=\"kostenstelle-projekt\">projekt<\/span><\/p>\n<\/div><\/div><\/div><\/div><div class=\"et_pb_row_1 et_pb_row et_flex_row\" id=\"popup-loader_projekte\"><div class=\"et_pb_column_2 et_pb_column et-last-child et_flex_column et_pb_css_mix_blend_mode_passthrough et_flex_column_24_24 et_flex_column_24_24_tablet et_flex_column_24_24_phone\"><div class=\"et_pb_code_1 et_pb_code et_pb_module\"><div class=\"et_pb_code_inner\"><div class=\"skeleton-wrapper\">\n  <div class=\"skeleton-links\">\n    <div class=\"skeleton-projekte skeleton-bild\"><\/div>\n  <\/div>\n  <div class=\"skeleton-rechts_p\">\n    <div>\n      \n    \n    <div class=\"skeleton-projekte skeleton-logo\"><\/div>\n    <div class=\"skeleton-projekte skeleton-text_beschreibung\"><\/div>\n    <div class=\"skeleton-projekte skeleton-button\"><\/div>\n    <\/div>\n    \n    <div class=\"skeleton_kostenstelle_p\">\n      <div class=\"skeleton-projekte skeleton-text\"><\/div>\n    <div class=\"skeleton-projekte skeleton-text mittel\"><\/div>\n    <div class=\"skeleton-projekte skeleton-text kurz\"><\/div>\n    <\/div>\n  <\/div>\n<\/div><\/div><\/div><\/div><\/div><\/div><div class=\"et_pb_section_1 et_pb_section et_pb_section--fixed et_section_regular et_flex_section et-interaction-target-tj91x06n4w\" data-interaction-target=\"tj91x06n4w\" id=\"popup_mitarbeiter\"><div class=\"et_pb_row_2 et_pb_row et_flex_row\" id=\"popup-inhalt\"><div class=\"et_pb_column_3 et_pb_column et_flex_column et_pb_css_mix_blend_mode_passthrough et_flex_column_24_24 et_flex_column_24_24_phone\" id=\"bg_bild\"><div class=\"et_pb_code_2 et_pb_code et_pb_module\"><\/div><\/div><div class=\"et_pb_column_4 et_pb_column et-last-child et_flex_column et_pb_css_mix_blend_mode_passthrough et_flex_column_24_24 et_flex_column_24_24_tablet et_flex_column_24_24_phone\"><div class=\"et_pb_image_1 et_pb_image et_pb_module et_flex_module\" id=\"position-bild\"><span class=\"et_pb_image_wrap\"><img src=\"https:\/\/www2.msd-online.ch\/wp-content\/uploads\/2025\/05\/Titel-Yanis.png\" title=\"Titel Yanis\" width=\"591\" height=\"154\" srcset=\"https:\/\/www2.msd-online.ch\/wp-content\/uploads\/2025\/05\/Titel-Yanis.png 591w, https:\/\/www2.msd-online.ch\/wp-content\/uploads\/2025\/05\/Titel-Yanis-480x125.png 480w\" sizes=\"(min-width: 0px) and (max-width: 480px) 480px, (min-width: 481px) 591px, 100vw\" class=\"wp-image-283041\" \/><\/span><\/div><div class=\"et_pb_text_2 et_pb_text et_pb_bg_layout_light et_pb_module et_flex_module\" id=\"mitarbeiter_name\"><div class=\"et_pb_text_inner\"><p><span>Mitarbeiter name<\/span><\/p>\n<\/div><\/div><div class=\"et_pb_group_1 et_pb_group et_pb_module et_flex_group et_pb_css_mix_blend_mode_passthrough\"><div class=\"et_pb_icon_1 et_pb_icon et_clickable et_pb_module et_flex_module\" id=\"email\"><span class=\"et_pb_icon_wrap\"><a href=\"mailto:info@msd-online.ch\" target=\"\"><span class=\"et-pb-icon\">\ue010<\/span><\/a><\/span><\/div><div class=\"et_pb_icon_2 et_pb_icon et_clickable et_pb_module et_flex_module\" id=\"mobile_nummer\"><span class=\"et_pb_icon_wrap\"><a href=\"tel:+41%2078%20225%2046%2036%20\" target=\"\"><span class=\"et-pb-icon\">\uf879<\/span><\/a><\/span><\/div><\/div><div class=\"et_pb_text_3 et_pb_text et_pb_bg_layout_light et_pb_module et_flex_module\" id=\"zitat\"><div class=\"et_pb_text_inner\"><p><span>Zitat<\/span><\/p>\n<\/div><\/div><div class=\"et_pb_text_4 et_pb_text et_pb_bg_layout_light et_pb_module et_flex_module\" id=\"kostenstelle\"><div class=\"et_pb_text_inner\"><p><strong>M\u00f6chtest du mich direkt finanziell freisetzen?<br \/>\n<\/strong><spantitillium web=\"\" arial=\"\" font-weight:normal=\"\" font-style:normal=\"\" data-sheets-root=\"1\">Missionswerk msd | Grassiweg 3 | 3714 Frutigen<\/spantitillium><br \/>\nPC-Nr. 30-26890-3 | IBAN CH69 0900 0000 3002 6890 3<br \/>\nVermerk: Personalkosten <span id=\"kostenstelle-name\">name<\/span><\/p>\n<\/div><\/div><div class=\"et_pb_icon_3 et_pb_icon et-interaction-target-s625yagv4m et_pb_module et_flex_module\" data-interaction-trigger=\"qxdh4ltg2t\" data-interaction-target=\"s625yagv4m\"><span class=\"et_pb_icon_wrap\"><span class=\"et-pb-icon\">\uf00d<\/span><\/span><\/div><\/div><\/div><div class=\"et_pb_row_3 et_pb_row et_flex_row\" id=\"popup-loader_mitarbeiter\"><div class=\"et_pb_column_5 et_pb_column et-last-child et_flex_column et_pb_css_mix_blend_mode_passthrough et_flex_column_24_24 et_flex_column_24_24_tablet et_flex_column_24_24_phone\"><div class=\"et_pb_code_3 et_pb_code et_pb_module\"><div class=\"et_pb_code_inner\"><div class=\"skeleton-wrapper\">\n  <div class=\"skeleton-links\">\n    <div class=\"skeleton skeleton-bild\"><\/div>\n  <\/div>\n  <div class=\"skeleton-rechts\">\n    <div class=\"skeleton skeleton-position\"><\/div>\n    <div class=\"skeleton skeleton-titel\"><\/div>\n    <div class=\"skeleton skeleton-titel-unten\"><\/div>\n    \n    <div class=\"skeleton_icon_wrapper\">\n      <div class=\"skeleton skeleton_icon\"><\/div>\n      <div class=\"skeleton skeleton_icon\"><\/div>\n    <\/div>\n    <div class=\"skeleton_zitat\">\n      <div class=\"skeleton skeleton-text\"><\/div>\n    <div class=\"skeleton skeleton-text mittel\"><\/div>\n    <div class=\"skeleton skeleton-text kurz\"><\/div>\n    <\/div>\n    <div class=\"skeleton_kostenstelle\">\n      <div class=\"skeleton skeleton-text\"><\/div>\n    <div class=\"skeleton skeleton-text mittel\"><\/div>\n    <div class=\"skeleton skeleton-text kurz\"><\/div>\n    <\/div>\n  <\/div>\n<\/div><\/div><\/div><\/div><\/div><\/div>","protected":false},"excerpt":{"rendered":"<p>From January 11 to 18, 2026, we experienced a very powerful week of alliance prayer. Christians from different churches and generations came together to pray. We were able to pray together for various concerns, intercede for one another in prayer, and encourage one another. This year&#8217;s theme was the Holy Spirit and spiritual gifts. Various &#8230;<\/p>\n","protected":false},"author":1,"featured_media":286135,"comment_status":"open","ping_status":"open","sticky":false,"template":"","format":"standard","meta":{"_acf_changed":false,"footnotes":""},"categories":[151],"tags":[],"class_list":["post-286134","post","type-post","status-publish","format-standard","has-post-thumbnail","hentry","category-info-en"],"acf":[],"_links":{"self":[{"href":"https:\/\/www2.msd-online.ch\/en\/wp-json\/wp\/v2\/posts\/286134","targetHints":{"allow":["GET"]}}],"collection":[{"href":"https:\/\/www2.msd-online.ch\/en\/wp-json\/wp\/v2\/posts"}],"about":[{"href":"https:\/\/www2.msd-online.ch\/en\/wp-json\/wp\/v2\/types\/post"}],"author":[{"embeddable":true,"href":"https:\/\/www2.msd-online.ch\/en\/wp-json\/wp\/v2\/users\/1"}],"replies":[{"embeddable":true,"href":"https:\/\/www2.msd-online.ch\/en\/wp-json\/wp\/v2\/comments?post=286134"}],"version-history":[{"count":1,"href":"https:\/\/www2.msd-online.ch\/en\/wp-json\/wp\/v2\/posts\/286134\/revisions"}],"predecessor-version":[{"id":286140,"href":"https:\/\/www2.msd-online.ch\/en\/wp-json\/wp\/v2\/posts\/286134\/revisions\/286140"}],"wp:featuredmedia":[{"embeddable":true,"href":"https:\/\/www2.msd-online.ch\/en\/wp-json\/wp\/v2\/media\/286135"}],"wp:attachment":[{"href":"https:\/\/www2.msd-online.ch\/en\/wp-json\/wp\/v2\/media?parent=286134"}],"wp:term":[{"taxonomy":"category","embeddable":true,"href":"https:\/\/www2.msd-online.ch\/en\/wp-json\/wp\/v2\/categories?post=286134"},{"taxonomy":"post_tag","embeddable":true,"href":"https:\/\/www2.msd-online.ch\/en\/wp-json\/wp\/v2\/tags?post=286134"}],"curies":[{"name":"wp","href":"https:\/\/api.w.org\/{rel}","templated":true}]}}