{"id":279863,"date":"2024-11-28T13:56:40","date_gmt":"2024-11-28T12:56:40","guid":{"rendered":"https:\/\/www.msd-online.ch\/?p=279863"},"modified":"2026-04-07T17:34:12","modified_gmt":"2026-04-07T15:34:12","slug":"retraite-dequipe-2024","status":"publish","type":"post","link":"https:\/\/www2.msd-online.ch\/fr\/retraite-dequipe-2024\/","title":{"rendered":"Retraite d&rsquo;\u00e9quipe 2024"},"content":{"rendered":"\n<h4 class=\"wp-block-heading\">Notre retraite d'\u00e9quipe a \u00e9t\u00e9 un moment d'inspiration et de coh\u00e9sion auquel ont particip\u00e9 tous les collaborateurs ainsi que, en partie, des membres du comit\u00e9 directeur et des partenaires.<\/h4>\n\n\n\n<div class=\"wp-block-columns is-layout-flex wp-container-core-columns-is-layout-9d6595d7 wp-block-columns-is-layout-flex\">\n<div class=\"wp-block-column is-layout-flow wp-block-column-is-layout-flow\" style=\"flex-basis:100%\">\n<figure class=\"wp-block-image size-large is-resized\"><img loading=\"lazy\" decoding=\"async\" width=\"1024\" height=\"683\" src=\"https:\/\/www2.msd-online.ch\/wp-content\/uploads\/2024\/11\/IMG_6521-1024x683.jpg\" alt=\"\" class=\"wp-image-279677\" style=\"aspect-ratio:16\/9;object-fit:cover;width:1080px\" srcset=\"https:\/\/www2.msd-online.ch\/wp-content\/uploads\/2024\/11\/IMG_6521-980x653.jpg 980w, https:\/\/www2.msd-online.ch\/wp-content\/uploads\/2024\/11\/IMG_6521-480x320.jpg 480w\" sizes=\"(min-width: 0px) and (max-width: 480px) 480px, (min-width: 481px) and (max-width: 980px) 980px, (min-width: 981px) 1024px, 100vw\" \/><\/figure>\n<\/div>\n<\/div>\n\n\n\n<p>Sous l'id\u00e9e directrice de notre vision : reli\u00e9s \u00e0 Dieu et aux hommes - remplis de J\u00e9sus - envoy\u00e9s vers les hommes, nous avons v\u00e9cu des journ\u00e9es intenses de profondeur et de communion.<\/p>\n\n\n\n<p>L'accent a \u00e9t\u00e9 mis sur l'introduction \u00e0 notre nouveau processus strat\u00e9gique, accompagn\u00e9e de pr\u00e9cieux temps d'\u00e9change. La communaut\u00e9 n'a pas \u00e9t\u00e9 oubli\u00e9e, avec des jeux, des rires et des moments de convivialit\u00e9.<\/p>\n\n\n\n<p>Encourag\u00e9s et confiants, nous nous dirigeons vers les prochaines \u00e9tapes et sommes impatients de voir ce que Dieu a pr\u00e9vu pour nous.<\/p>\n\n\n\n<p>Monika partage son point de vue personnel sur le temps enrichissant de notre retraite d'\u00e9quipe :<\/p>\n\n\n\n<blockquote class=\"wp-block-quote has-white-background-color has-background is-layout-flow wp-block-quote-is-layout-flow\">\n<p>\u00ab Le premier jour de la retraite, nous jetons un regard r\u00e9trospectif sur les moments forts de 2024 avec beaucoup de gratitude. Le fait que nous ayons m\u00eame maintenant un apprenti dans l'\u00e9quipe m'enthousiasme totalement ! Je repense imm\u00e9diatement \u00e0 ma propre p\u00e9riode d'apprentissage, pleine de petites aventures et de souvenirs pr\u00e9cieux - tout simplement une p\u00e9riode particuli\u00e8re.<\/p>\n\n\n\n<p>Le soir, un groupe fantastique de L\u00fcdenscheid se joint \u00e0 nous pour nous aider \u00e0 percevoir la voix de Dieu. Soudain, je sens comment Dieu me parle, et il le confirme m\u00eame \u00e0 travers d'autres - une exp\u00e9rience qui est c\u00e9leste et me remplit d'une joie profonde.<\/p>\n\n\n\n<p>Apr\u00e8s ce moment \u00e9mouvant, nous devenons vraiment confortables. Entre discussions, jeux et caf\u00e9 et g\u00e2teaux en abondance, nous profitons pleinement du temps. L'atmosph\u00e8re d\u00e9tendue le montre : Nous sommes entour\u00e9s de personnes pr\u00e9cieuses, et personne ne pense \u00e0 aller se coucher ici \u00bb !<\/p>\n<\/blockquote>\n\n\n\n<p>Astrid nous donne ici un aper\u00e7u de ses impressions et de ce qu'elle a v\u00e9cu pendant la retraite :<\/p>\n\n\n\n<blockquote class=\"wp-block-quote has-white-background-color has-background is-layout-flow wp-block-quote-is-layout-flow\">\n<p>\u00ab Je traite r\u00e9guli\u00e8rement des factures - de la presse \u00e9crite en italien, de l'h\u00e9bergement en Espagne aux commandes de pain et \u00e0 l'organisation de la cuisine. Celles-ci doivent \u00eatre contr\u00f4l\u00e9es, pay\u00e9es et comptabilis\u00e9es. J'appr\u00e9cie d'autant plus des occasions comme une retraite. Elle me montre que je fais partie d'une \u00e9quipe et que je peux, avec mon \u00e9quipe, comprendre comment les gens sont reli\u00e9s \u00e0 Dieu et comment Dieu \u00e9crit l'histoire.<\/p>\n\n\n\n<p>Le samedi, Eckhard Kohl nous a encourag\u00e9s \u00e0 vivre un style de vie \u00e9vang\u00e9lique avec courage et authenticit\u00e9. Son histoire nous a inspir\u00e9s \u00e0 travailler avec ce que Dieu nous a confi\u00e9. L'apr\u00e8s-midi, nous avons profit\u00e9 de temps libre avant de nous consacrer \u00e0 des th\u00e8mes strat\u00e9giques et \u00e0 de nouvelles possibilit\u00e9s. La journ\u00e9e s'est termin\u00e9e par un repas d'\u00e9quipe avec une d\u00e9licieuse paella, de bonnes discussions et de la communion - un moment pr\u00e9cieux de partage \u00bb.<\/p>\n<\/blockquote>\n\n\n\n<p>Traduit avec deepl.com<\/p>\n<div class=\"et_pb_section_0 et_pb_section et_pb_section--fixed et_section_regular et_flex_section\" id=\"popup_projekte\"><div class=\"et_pb_row_0 et_pb_row et_flex_row\" id=\"popup-projekte-inhalt\"><div class=\"et_pb_column_0 et_pb_column et_flex_column et_pb_css_mix_blend_mode_passthrough et_flex_column_24_24 et_flex_column_24_24_phone\" id=\"bild_popup\"><div class=\"et_pb_code_0 et_pb_code et_pb_module\"><\/div><\/div><div class=\"et_pb_column_1 et_pb_column et-last-child et_flex_column et_pb_css_mix_blend_mode_passthrough et_flex_column_24_24 et_flex_column_24_24_phone\"><div class=\"et_pb_group_0 et_pb_group et_pb_module et_flex_group et_pb_css_mix_blend_mode_passthrough\"><div class=\"et_pb_image_0 et_pb_image et_pb_module et_flex_module\" id=\"logo_popup\"><span class=\"et_pb_image_wrap\"><img src=\"https:\/\/www2.msd-online.ch\/wp-content\/uploads\/2025\/05\/cc_popup.png\" title=\"cc_popup\" width=\"1080\" height=\"226\" srcset=\"https:\/\/www2.msd-online.ch\/wp-content\/uploads\/2025\/05\/cc_popup.png 1080w, https:\/\/www2.msd-online.ch\/wp-content\/uploads\/2025\/05\/cc_popup-980x205.png 980w, https:\/\/www2.msd-online.ch\/wp-content\/uploads\/2025\/05\/cc_popup-480x100.png 480w\" sizes=\"(min-width: 0px) and (max-width: 480px) 480px, (min-width: 481px) and (max-width: 980px) 980px, (min-width: 981px) 1080px, 100vw\" class=\"wp-image-282846\" \/><\/span><\/div><div class=\"et_pb_text_0 et_pb_text et_pb_bg_layout_light et_pb_module et_flex_module\" id=\"beschreibung\"><div class=\"et_pb_text_inner\"><p><span>\"Seit 1962 entwickeln sich die Change Camps stetig weiter. Sie verbinden tiefe Gemeinschaft, starke Gotteserfahrungen und das Eintauchen in andere Kulturen. Durch kreative Outreaches mit Sport, praktischen Eins\u00e4tzen, Worship und Prayer Walks wachsen wir in einen evangelistischen Lebensstil. Unsere Vision ist, Jesus in verschiedenen Nationen bekannt zu machen und Jugendliche f\u00fcr ein Leben zu begeistern, das Gott ehrt. Wir wollen lokale Kirchen unterst\u00fctzen und ein Segen f\u00fcr Menschen vor Ort sein. Ein Change Camp soll das Leben der Teilnehmenden nachhaltig ver\u00e4ndern, ihr Herz neu f\u00fcr Gott entfachen und sie mit Leidenschaft f\u00fcr Mitmenschen, Regionen und Nationen erf\u00fcllen \u2013 damit sie diese Begeisterung auch in ihren Alltag tragen.\"<\/span><\/p>\n<\/div><\/div><div class=\"et_pb_module et_pb_button_module_wrapper et_pb_button_0_wrapper preset--module--divi-button--default_wrapper\"><a class=\"et_pb_button_0 et_pb_button et_pb_bg_layout_dark et_pb_module et_flex_module preset--module--divi-button--default\" href=\"\" target=\"_blank\" id=\"projekt_button\">titel<\/a><\/div><\/div><div class=\"et_pb_icon_0 et_pb_icon et-interaction-target-kp1pp7plxu et_pb_module et_flex_module\" data-interaction-trigger=\"poknua1gij\" data-interaction-target=\"kp1pp7plxu\"><span class=\"et_pb_icon_wrap\"><span class=\"et-pb-icon\">\uf00d<\/span><\/span><\/div><div class=\"et_pb_text_1 et_pb_text et_pb_bg_layout_light et_pb_module et_flex_module\" id=\"kostenstelle\"><div class=\"et_pb_text_inner\"><p><strong>Tu souhaites soutenir financi\u00e8rement le projet ?<br \/>\n<\/strong><spantitillium web=\"\" arial=\"\" font-weight:normal=\"\" font-style:normal=\"\" data-sheets-root=\"1\">Missionswerk msd | Grassiweg 3 | 3714 Frutigen<\/spantitillium><br \/>\nPC-Nr. 30-26890-3 | IBAN CH69 0900 0000 3002 6890 3<br \/>\nMention : <span id=\"kostenstelle-projekt\">projekt<\/span><\/p>\n<\/div><\/div><\/div><\/div><div class=\"et_pb_row_1 et_pb_row et_flex_row\" id=\"popup-loader_projekte\"><div class=\"et_pb_column_2 et_pb_column et-last-child et_flex_column et_pb_css_mix_blend_mode_passthrough et_flex_column_24_24 et_flex_column_24_24_tablet et_flex_column_24_24_phone\"><div class=\"et_pb_code_1 et_pb_code et_pb_module\"><div class=\"et_pb_code_inner\"><div class=\"skeleton-wrapper\">\n  <div class=\"skeleton-links\">\n    <div class=\"skeleton-projekte skeleton-bild\"><\/div>\n  <\/div>\n  <div class=\"skeleton-rechts_p\">\n    <div>\n      \n    \n    <div class=\"skeleton-projekte skeleton-logo\"><\/div>\n    <div class=\"skeleton-projekte skeleton-text_beschreibung\"><\/div>\n    <div class=\"skeleton-projekte skeleton-button\"><\/div>\n    <\/div>\n    \n    <div class=\"skeleton_kostenstelle_p\">\n      <div class=\"skeleton-projekte skeleton-text\"><\/div>\n    <div class=\"skeleton-projekte skeleton-text mittel\"><\/div>\n    <div class=\"skeleton-projekte skeleton-text kurz\"><\/div>\n    <\/div>\n  <\/div>\n<\/div><\/div><\/div><\/div><\/div><\/div><div class=\"et_pb_section_1 et_pb_section et_pb_section--fixed et_section_regular et_flex_section et-interaction-target-tj91x06n4w\" data-interaction-target=\"tj91x06n4w\" id=\"popup_mitarbeiter\"><div class=\"et_pb_row_2 et_pb_row et_flex_row\" id=\"popup-inhalt\"><div class=\"et_pb_column_3 et_pb_column et_flex_column et_pb_css_mix_blend_mode_passthrough et_flex_column_24_24 et_flex_column_24_24_phone\" id=\"bg_bild\"><div class=\"et_pb_code_2 et_pb_code et_pb_module\"><\/div><\/div><div class=\"et_pb_column_4 et_pb_column et-last-child et_flex_column et_pb_css_mix_blend_mode_passthrough et_flex_column_24_24 et_flex_column_24_24_tablet et_flex_column_24_24_phone\"><div class=\"et_pb_image_1 et_pb_image et_pb_module et_flex_module\" id=\"position-bild\"><span class=\"et_pb_image_wrap\"><img src=\"https:\/\/www2.msd-online.ch\/wp-content\/uploads\/2025\/05\/Titel-Yanis.png\" title=\"Titel Yanis\" width=\"591\" height=\"154\" srcset=\"https:\/\/www2.msd-online.ch\/wp-content\/uploads\/2025\/05\/Titel-Yanis.png 591w, https:\/\/www2.msd-online.ch\/wp-content\/uploads\/2025\/05\/Titel-Yanis-480x125.png 480w\" sizes=\"(min-width: 0px) and (max-width: 480px) 480px, (min-width: 481px) 591px, 100vw\" class=\"wp-image-283041\" \/><\/span><\/div><div class=\"et_pb_text_2 et_pb_text et_pb_bg_layout_light et_pb_module et_flex_module\" id=\"mitarbeiter_name\"><div class=\"et_pb_text_inner\"><p><span>Mitarbeiter name<\/span><\/p>\n<\/div><\/div><div class=\"et_pb_group_1 et_pb_group et_pb_module et_flex_group et_pb_css_mix_blend_mode_passthrough\"><div class=\"et_pb_icon_1 et_pb_icon et_clickable et_pb_module et_flex_module\" id=\"email\"><span class=\"et_pb_icon_wrap\"><a href=\"mailto:info@msd-online.ch\" target=\"\"><span class=\"et-pb-icon\">\ue010<\/span><\/a><\/span><\/div><div class=\"et_pb_icon_2 et_pb_icon et_clickable et_pb_module et_flex_module\" id=\"mobile_nummer\"><span class=\"et_pb_icon_wrap\"><a href=\"tel:+41%2078%20225%2046%2036%20\" target=\"\"><span class=\"et-pb-icon\">\uf879<\/span><\/a><\/span><\/div><\/div><div class=\"et_pb_text_3 et_pb_text et_pb_bg_layout_light et_pb_module et_flex_module\" id=\"zitat\"><div class=\"et_pb_text_inner\"><p><span>Zitat<\/span><\/p>\n<\/div><\/div><div class=\"et_pb_text_4 et_pb_text et_pb_bg_layout_light et_pb_module et_flex_module\" id=\"kostenstelle\"><div class=\"et_pb_text_inner\"><p><strong>Tu veux me lib\u00e9rer directement sur le plan financier ?<br \/>\n<\/strong><spantitillium web=\"\" arial=\"\" font-weight:normal=\"\" font-style:normal=\"\" data-sheets-root=\"1\">Missionswerk msd | Grassiweg 3 | 3714 Frutigen<\/spantitillium><br \/>\nPC-Nr. 30-26890-3 | IBAN CH69 0900 0000 3002 6890 3<br \/>\n<span>Mention :\u00a0frais de salaire\u00a0<\/span> <span id=\"kostenstelle-name\">name<\/span><\/p>\n<\/div><\/div><div class=\"et_pb_icon_3 et_pb_icon et-interaction-target-s625yagv4m et_pb_module et_flex_module\" data-interaction-trigger=\"qxdh4ltg2t\" data-interaction-target=\"s625yagv4m\"><span class=\"et_pb_icon_wrap\"><span class=\"et-pb-icon\">\uf00d<\/span><\/span><\/div><\/div><\/div><div class=\"et_pb_row_3 et_pb_row et_flex_row\" id=\"popup-loader_mitarbeiter\"><div class=\"et_pb_column_5 et_pb_column et-last-child et_flex_column et_pb_css_mix_blend_mode_passthrough et_flex_column_24_24 et_flex_column_24_24_tablet et_flex_column_24_24_phone\"><div class=\"et_pb_code_3 et_pb_code et_pb_module\"><div class=\"et_pb_code_inner\"><div class=\"skeleton-wrapper\">\n  <div class=\"skeleton-links\">\n    <div class=\"skeleton skeleton-bild\"><\/div>\n  <\/div>\n  <div class=\"skeleton-rechts\">\n    <div class=\"skeleton skeleton-position\"><\/div>\n    <div class=\"skeleton skeleton-titel\"><\/div>\n    <div class=\"skeleton skeleton-titel-unten\"><\/div>\n    \n    <div class=\"skeleton_icon_wrapper\">\n      <div class=\"skeleton skeleton_icon\"><\/div>\n      <div class=\"skeleton skeleton_icon\"><\/div>\n    <\/div>\n    <div class=\"skeleton_zitat\">\n      <div class=\"skeleton skeleton-text\"><\/div>\n    <div class=\"skeleton skeleton-text mittel\"><\/div>\n    <div class=\"skeleton skeleton-text kurz\"><\/div>\n    <\/div>\n    <div class=\"skeleton_kostenstelle\">\n      <div class=\"skeleton skeleton-text\"><\/div>\n    <div class=\"skeleton skeleton-text mittel\"><\/div>\n    <div class=\"skeleton skeleton-text kurz\"><\/div>\n    <\/div>\n  <\/div>\n<\/div><\/div><\/div><\/div><\/div><\/div>","protected":false},"excerpt":{"rendered":"<p>\u00ab\u00a0Seit 1962 entwickeln sich die Change Camps stetig weiter. Sie verbinden tiefe Gemeinschaft, starke Gotteserfahrungen und das Eintauchen in andere Kulturen. Durch kreative Outreaches mit Sport, praktischen Eins\u00e4tzen, Worship und Prayer Walks wachsen wir in einen evangelistischen Lebensstil. Unsere Vision ist, Jesus in verschiedenen Nationen bekannt zu machen und Jugendliche f\u00fcr ein Leben zu begeistern, &#8230;<\/p>\n","protected":false},"author":5,"featured_media":279673,"comment_status":"open","ping_status":"open","sticky":false,"template":"","format":"standard","meta":{"_acf_changed":false,"footnotes":""},"categories":[133,122],"tags":[],"class_list":["post-279863","post","type-post","status-publish","format-standard","has-post-thumbnail","hentry","category-blog-fr","category-info-fr"],"acf":[],"_links":{"self":[{"href":"https:\/\/www2.msd-online.ch\/fr\/wp-json\/wp\/v2\/posts\/279863","targetHints":{"allow":["GET"]}}],"collection":[{"href":"https:\/\/www2.msd-online.ch\/fr\/wp-json\/wp\/v2\/posts"}],"about":[{"href":"https:\/\/www2.msd-online.ch\/fr\/wp-json\/wp\/v2\/types\/post"}],"author":[{"embeddable":true,"href":"https:\/\/www2.msd-online.ch\/fr\/wp-json\/wp\/v2\/users\/5"}],"replies":[{"embeddable":true,"href":"https:\/\/www2.msd-online.ch\/fr\/wp-json\/wp\/v2\/comments?post=279863"}],"version-history":[{"count":2,"href":"https:\/\/www2.msd-online.ch\/fr\/wp-json\/wp\/v2\/posts\/279863\/revisions"}],"predecessor-version":[{"id":287233,"href":"https:\/\/www2.msd-online.ch\/fr\/wp-json\/wp\/v2\/posts\/279863\/revisions\/287233"}],"wp:featuredmedia":[{"embeddable":true,"href":"https:\/\/www2.msd-online.ch\/fr\/wp-json\/wp\/v2\/media\/279673"}],"wp:attachment":[{"href":"https:\/\/www2.msd-online.ch\/fr\/wp-json\/wp\/v2\/media?parent=279863"}],"wp:term":[{"taxonomy":"category","embeddable":true,"href":"https:\/\/www2.msd-online.ch\/fr\/wp-json\/wp\/v2\/categories?post=279863"},{"taxonomy":"post_tag","embeddable":true,"href":"https:\/\/www2.msd-online.ch\/fr\/wp-json\/wp\/v2\/tags?post=279863"}],"curies":[{"name":"wp","href":"https:\/\/api.w.org\/{rel}","templated":true}]}}