{"id":280549,"date":"2025-02-17T09:25:46","date_gmt":"2025-02-17T08:25:46","guid":{"rendered":"https:\/\/www.msd-online.ch\/?p=280549"},"modified":"2026-03-17T14:08:24","modified_gmt":"2026-03-17T13:08:24","slug":"rendre-les-gens-capables","status":"publish","type":"post","link":"https:\/\/www2.msd-online.ch\/fr\/rendre-les-gens-capables\/","title":{"rendered":"Rendre les gens capables"},"content":{"rendered":"\n<h4 class=\"wp-block-heading\">Depuis toujours, une partie de notre travail consiste \u00e0 \u00eatre en route avec les gens et \u00e0 les accompagner dans leur foi et surtout dans les \u00e9tapes de leur vocation.<\/h4>\n\n\n\n<div class=\"wp-block-columns is-layout-flex wp-container-core-columns-is-layout-9d6595d7 wp-block-columns-is-layout-flex\">\n<div class=\"wp-block-column is-layout-flow wp-block-column-is-layout-flow\" style=\"flex-basis:100%\">\n<figure class=\"wp-block-image size-large is-resized\"><img loading=\"lazy\" decoding=\"async\" width=\"1024\" height=\"683\" src=\"https:\/\/www2.msd-online.ch\/wp-content\/uploads\/2025\/02\/IMG_3002-1024x683.jpg\" alt=\"\" class=\"wp-image-280550\" style=\"aspect-ratio:16\/9;object-fit:cover;width:1080px\"\/><\/figure>\n<\/div>\n<\/div>\n\n\n\n<p>Ces derni\u00e8res ann\u00e9es, Markus Staub a lui aussi souvent utilis\u00e9 ses forces pour cela. Comme les demandes et les besoins d\u2019accompagnement et de formation augmentent, nous avons d\u00e9cid\u00e9, en tant qu\u2019\u0153uvre missionnaire, de cr\u00e9er avec Cornelia Steiner (directrice d\u2019\u00e9cole et de site ISTL, animatrice et conf\u00e9renci\u00e8re) un r\u00e9cipient appel\u00e9 \u00ab Empowering \u00bb. L\u2019objectif est d\u2019accompagner, d\u2019encourager et de soutenir en particulier les jeunes qui exercent des fonctions de direction. Outre un soutien individuel, nous proposons \u00e9galement des formations en domaines de la cure d\u2019\u00e2me, de la vocation et de formation de disciples.<\/p>\n\n\n\n<p><\/p>\n\n\n\n<div class=\"wp-block-group is-nowrap is-layout-flex wp-container-core-group-is-layout-ad2f72ca wp-block-group-is-layout-flex\">\n<blockquote class=\"wp-block-quote has-white-background-color has-background is-layout-flow wp-block-quote-is-layout-flow\">\n<p><strong>\u00abEmpowering\u00bb signifie \u00ab habiliter \u00bb ou \u00ab rendre capable \u00bb<\/strong><\/p>\n\n\n\n<p>Il s\u2019agit d\u2019aider les personnes \u00e0 \u00adutiliser leurs capacit\u00e9s de les \u00adreconna\u00eetre et de les utiliser pour<br>de grandir dans leur vocation. L\u2019objectif est de renforcer leur foi, leur confiance en Dieu, leur personnalit\u00e9 et leur identit\u00e9 afin qu\u2019ils puissent agir \u00e0 long terme et avec force dans des t\u00e2ches et des services.<\/p>\n<\/blockquote>\n\n\n\n<div class=\"wp-block-buttons is-layout-flex wp-block-buttons-is-layout-flex\"><\/div>\n<\/div>\n<div class=\"et_pb_section_0 et_pb_section et_pb_section--fixed et_section_regular et_flex_section\" id=\"popup_projekte\"><div class=\"et_pb_row_0 et_pb_row et_flex_row\" id=\"popup-projekte-inhalt\"><div class=\"et_pb_column_0 et_pb_column et_flex_column et_pb_css_mix_blend_mode_passthrough et_flex_column_24_24 et_flex_column_24_24_phone\" id=\"bild_popup\"><div class=\"et_pb_code_0 et_pb_code et_pb_module\"><\/div><\/div><div class=\"et_pb_column_1 et_pb_column et-last-child et_flex_column et_pb_css_mix_blend_mode_passthrough et_flex_column_24_24 et_flex_column_24_24_phone\"><div class=\"et_pb_group_0 et_pb_group et_pb_module et_flex_group et_pb_css_mix_blend_mode_passthrough\"><div class=\"et_pb_image_0 et_pb_image et_pb_module et_flex_module\" id=\"logo_popup\"><span class=\"et_pb_image_wrap\"><img src=\"https:\/\/www2.msd-online.ch\/wp-content\/uploads\/2025\/05\/cc_popup.png\" title=\"cc_popup\" width=\"1080\" height=\"226\" srcset=\"https:\/\/www2.msd-online.ch\/wp-content\/uploads\/2025\/05\/cc_popup.png 1080w, https:\/\/www2.msd-online.ch\/wp-content\/uploads\/2025\/05\/cc_popup-980x205.png 980w, https:\/\/www2.msd-online.ch\/wp-content\/uploads\/2025\/05\/cc_popup-480x100.png 480w\" sizes=\"(min-width: 0px) and (max-width: 480px) 480px, (min-width: 481px) and (max-width: 980px) 980px, (min-width: 981px) 1080px, 100vw\" class=\"wp-image-282846\" \/><\/span><\/div><div class=\"et_pb_text_0 et_pb_text et_pb_bg_layout_light et_pb_module et_flex_module\" id=\"beschreibung\"><div class=\"et_pb_text_inner\"><p><span>\"Seit 1962 entwickeln sich die Change Camps stetig weiter. Sie verbinden tiefe Gemeinschaft, starke Gotteserfahrungen und das Eintauchen in andere Kulturen. Durch kreative Outreaches mit Sport, praktischen Eins\u00e4tzen, Worship und Prayer Walks wachsen wir in einen evangelistischen Lebensstil. Unsere Vision ist, Jesus in verschiedenen Nationen bekannt zu machen und Jugendliche f\u00fcr ein Leben zu begeistern, das Gott ehrt. Wir wollen lokale Kirchen unterst\u00fctzen und ein Segen f\u00fcr Menschen vor Ort sein. Ein Change Camp soll das Leben der Teilnehmenden nachhaltig ver\u00e4ndern, ihr Herz neu f\u00fcr Gott entfachen und sie mit Leidenschaft f\u00fcr Mitmenschen, Regionen und Nationen erf\u00fcllen \u2013 damit sie diese Begeisterung auch in ihren Alltag tragen.\"<\/span><\/p>\n<\/div><\/div><div class=\"et_pb_module et_pb_button_module_wrapper et_pb_button_0_wrapper preset--module--divi-button--default_wrapper\"><a class=\"et_pb_button_0 et_pb_button et_pb_bg_layout_dark et_pb_module et_flex_module preset--module--divi-button--default\" href=\"\" target=\"_blank\" id=\"projekt_button\">titel<\/a><\/div><\/div><div class=\"et_pb_icon_0 et_pb_icon et-interaction-target-kp1pp7plxu et_pb_module et_flex_module\" data-interaction-trigger=\"poknua1gij\" data-interaction-target=\"kp1pp7plxu\"><span class=\"et_pb_icon_wrap\"><span class=\"et-pb-icon\">\uf00d<\/span><\/span><\/div><div class=\"et_pb_text_1 et_pb_text et_pb_bg_layout_light et_pb_module et_flex_module\" id=\"kostenstelle\"><div class=\"et_pb_text_inner\"><p><strong>Tu souhaites soutenir financi\u00e8rement le projet ?<br \/>\n<\/strong><spantitillium web=\"\" arial=\"\" font-weight:normal=\"\" font-style:normal=\"\" data-sheets-root=\"1\">Missionswerk msd | Grassiweg 3 | 3714 Frutigen<\/spantitillium><br \/>\nPC-Nr. 30-26890-3 | IBAN CH69 0900 0000 3002 6890 3<br \/>\nMention : <span id=\"kostenstelle-projekt\">projekt<\/span><\/p>\n<\/div><\/div><\/div><\/div><div class=\"et_pb_row_1 et_pb_row et_flex_row\" id=\"popup-loader_projekte\"><div class=\"et_pb_column_2 et_pb_column et-last-child et_flex_column et_pb_css_mix_blend_mode_passthrough et_flex_column_24_24 et_flex_column_24_24_tablet et_flex_column_24_24_phone\"><div class=\"et_pb_code_1 et_pb_code et_pb_module\"><div class=\"et_pb_code_inner\"><div class=\"skeleton-wrapper\">\n  <div class=\"skeleton-links\">\n    <div class=\"skeleton-projekte skeleton-bild\"><\/div>\n  <\/div>\n  <div class=\"skeleton-rechts_p\">\n    <div>\n      \n    \n    <div class=\"skeleton-projekte skeleton-logo\"><\/div>\n    <div class=\"skeleton-projekte skeleton-text_beschreibung\"><\/div>\n    <div class=\"skeleton-projekte skeleton-button\"><\/div>\n    <\/div>\n    \n    <div class=\"skeleton_kostenstelle_p\">\n      <div class=\"skeleton-projekte skeleton-text\"><\/div>\n    <div class=\"skeleton-projekte skeleton-text mittel\"><\/div>\n    <div class=\"skeleton-projekte skeleton-text kurz\"><\/div>\n    <\/div>\n  <\/div>\n<\/div><\/div><\/div><\/div><\/div><\/div><div class=\"et_pb_section_1 et_pb_section et_pb_section--fixed et_section_regular et_flex_section et-interaction-target-tj91x06n4w\" data-interaction-target=\"tj91x06n4w\" id=\"popup_mitarbeiter\"><div class=\"et_pb_row_2 et_pb_row et_flex_row\" id=\"popup-inhalt\"><div class=\"et_pb_column_3 et_pb_column et_flex_column et_pb_css_mix_blend_mode_passthrough et_flex_column_24_24 et_flex_column_24_24_phone\" id=\"bg_bild\"><div class=\"et_pb_code_2 et_pb_code et_pb_module\"><\/div><\/div><div class=\"et_pb_column_4 et_pb_column et-last-child et_flex_column et_pb_css_mix_blend_mode_passthrough et_flex_column_24_24 et_flex_column_24_24_tablet et_flex_column_24_24_phone\"><div class=\"et_pb_image_1 et_pb_image et_pb_module et_flex_module\" id=\"position-bild\"><span class=\"et_pb_image_wrap\"><img src=\"https:\/\/www2.msd-online.ch\/wp-content\/uploads\/2025\/05\/Titel-Yanis.png\" title=\"Titel Yanis\" width=\"591\" height=\"154\" srcset=\"https:\/\/www2.msd-online.ch\/wp-content\/uploads\/2025\/05\/Titel-Yanis.png 591w, https:\/\/www2.msd-online.ch\/wp-content\/uploads\/2025\/05\/Titel-Yanis-480x125.png 480w\" sizes=\"(min-width: 0px) and (max-width: 480px) 480px, (min-width: 481px) 591px, 100vw\" class=\"wp-image-283041\" \/><\/span><\/div><div class=\"et_pb_text_2 et_pb_text et_pb_bg_layout_light et_pb_module et_flex_module\" id=\"mitarbeiter_name\"><div class=\"et_pb_text_inner\"><p><span>Mitarbeiter name<\/span><\/p>\n<\/div><\/div><div class=\"et_pb_group_1 et_pb_group et_pb_module et_flex_group et_pb_css_mix_blend_mode_passthrough\"><div class=\"et_pb_icon_1 et_pb_icon et_clickable et_pb_module et_flex_module\" id=\"email\"><span class=\"et_pb_icon_wrap\"><a href=\"mailto:info@msd-online.ch\" target=\"\"><span class=\"et-pb-icon\">\ue010<\/span><\/a><\/span><\/div><div class=\"et_pb_icon_2 et_pb_icon et_clickable et_pb_module et_flex_module\" id=\"mobile_nummer\"><span class=\"et_pb_icon_wrap\"><a href=\"tel:+41%2078%20225%2046%2036%20\" target=\"\"><span class=\"et-pb-icon\">\uf879<\/span><\/a><\/span><\/div><\/div><div class=\"et_pb_text_3 et_pb_text et_pb_bg_layout_light et_pb_module et_flex_module\" id=\"zitat\"><div class=\"et_pb_text_inner\"><p><span>Zitat<\/span><\/p>\n<\/div><\/div><div class=\"et_pb_text_4 et_pb_text et_pb_bg_layout_light et_pb_module et_flex_module\" id=\"kostenstelle\"><div class=\"et_pb_text_inner\"><p><strong>Tu veux me lib\u00e9rer directement sur le plan financier ?<br \/>\n<\/strong><spantitillium web=\"\" arial=\"\" font-weight:normal=\"\" font-style:normal=\"\" data-sheets-root=\"1\">Missionswerk msd | Grassiweg 3 | 3714 Frutigen<\/spantitillium><br \/>\nPC-Nr. 30-26890-3 | IBAN CH69 0900 0000 3002 6890 3<br \/>\n<span>Mention :\u00a0frais de salaire\u00a0<\/span> <span id=\"kostenstelle-name\">name<\/span><\/p>\n<\/div><\/div><div class=\"et_pb_icon_3 et_pb_icon et-interaction-target-s625yagv4m et_pb_module et_flex_module\" data-interaction-trigger=\"qxdh4ltg2t\" data-interaction-target=\"s625yagv4m\"><span class=\"et_pb_icon_wrap\"><span class=\"et-pb-icon\">\uf00d<\/span><\/span><\/div><\/div><\/div><div class=\"et_pb_row_3 et_pb_row et_flex_row\" id=\"popup-loader_mitarbeiter\"><div class=\"et_pb_column_5 et_pb_column et-last-child et_flex_column et_pb_css_mix_blend_mode_passthrough et_flex_column_24_24 et_flex_column_24_24_tablet et_flex_column_24_24_phone\"><div class=\"et_pb_code_3 et_pb_code et_pb_module\"><div class=\"et_pb_code_inner\"><div class=\"skeleton-wrapper\">\n  <div class=\"skeleton-links\">\n    <div class=\"skeleton skeleton-bild\"><\/div>\n  <\/div>\n  <div class=\"skeleton-rechts\">\n    <div class=\"skeleton skeleton-position\"><\/div>\n    <div class=\"skeleton skeleton-titel\"><\/div>\n    <div class=\"skeleton skeleton-titel-unten\"><\/div>\n    \n    <div class=\"skeleton_icon_wrapper\">\n      <div class=\"skeleton skeleton_icon\"><\/div>\n      <div class=\"skeleton skeleton_icon\"><\/div>\n    <\/div>\n    <div class=\"skeleton_zitat\">\n      <div class=\"skeleton skeleton-text\"><\/div>\n    <div class=\"skeleton skeleton-text mittel\"><\/div>\n    <div class=\"skeleton skeleton-text kurz\"><\/div>\n    <\/div>\n    <div class=\"skeleton_kostenstelle\">\n      <div class=\"skeleton skeleton-text\"><\/div>\n    <div class=\"skeleton skeleton-text mittel\"><\/div>\n    <div class=\"skeleton skeleton-text kurz\"><\/div>\n    <\/div>\n  <\/div>\n<\/div><\/div><\/div><\/div><\/div><\/div>","protected":false},"excerpt":{"rendered":"<p>\u00ab\u00a0Seit 1962 entwickeln sich die Change Camps stetig weiter. Sie verbinden tiefe Gemeinschaft, starke Gotteserfahrungen und das Eintauchen in andere Kulturen. Durch kreative Outreaches mit Sport, praktischen Eins\u00e4tzen, Worship und Prayer Walks wachsen wir in einen evangelistischen Lebensstil. Unsere Vision ist, Jesus in verschiedenen Nationen bekannt zu machen und Jugendliche f\u00fcr ein Leben zu begeistern, &#8230;<\/p>\n","protected":false},"author":1,"featured_media":280552,"comment_status":"open","ping_status":"open","sticky":false,"template":"","format":"standard","meta":{"_acf_changed":false,"footnotes":""},"categories":[133,122],"tags":[],"class_list":["post-280549","post","type-post","status-publish","format-standard","has-post-thumbnail","hentry","category-blog-fr","category-info-fr"],"acf":[],"_links":{"self":[{"href":"https:\/\/www2.msd-online.ch\/fr\/wp-json\/wp\/v2\/posts\/280549","targetHints":{"allow":["GET"]}}],"collection":[{"href":"https:\/\/www2.msd-online.ch\/fr\/wp-json\/wp\/v2\/posts"}],"about":[{"href":"https:\/\/www2.msd-online.ch\/fr\/wp-json\/wp\/v2\/types\/post"}],"author":[{"embeddable":true,"href":"https:\/\/www2.msd-online.ch\/fr\/wp-json\/wp\/v2\/users\/1"}],"replies":[{"embeddable":true,"href":"https:\/\/www2.msd-online.ch\/fr\/wp-json\/wp\/v2\/comments?post=280549"}],"version-history":[{"count":1,"href":"https:\/\/www2.msd-online.ch\/fr\/wp-json\/wp\/v2\/posts\/280549\/revisions"}],"predecessor-version":[{"id":286582,"href":"https:\/\/www2.msd-online.ch\/fr\/wp-json\/wp\/v2\/posts\/280549\/revisions\/286582"}],"wp:featuredmedia":[{"embeddable":true,"href":"https:\/\/www2.msd-online.ch\/fr\/wp-json\/wp\/v2\/media\/280552"}],"wp:attachment":[{"href":"https:\/\/www2.msd-online.ch\/fr\/wp-json\/wp\/v2\/media?parent=280549"}],"wp:term":[{"taxonomy":"category","embeddable":true,"href":"https:\/\/www2.msd-online.ch\/fr\/wp-json\/wp\/v2\/categories?post=280549"},{"taxonomy":"post_tag","embeddable":true,"href":"https:\/\/www2.msd-online.ch\/fr\/wp-json\/wp\/v2\/tags?post=280549"}],"curies":[{"name":"wp","href":"https:\/\/api.w.org\/{rel}","templated":true}]}}