{"id":285055,"date":"2025-08-26T14:48:30","date_gmt":"2025-08-26T12:48:30","guid":{"rendered":"https:\/\/www.msd-online.ch\/?p=285055"},"modified":"2026-03-17T14:09:07","modified_gmt":"2026-03-17T13:09:07","slug":"mission-univers","status":"publish","type":"post","link":"https:\/\/www2.msd-online.ch\/fr\/mission-univers\/","title":{"rendered":"Mission Univers !"},"content":{"rendered":"\n<p><strong>Tel \u00e9tait le th\u00e8me du KILA cette ann\u00e9e. Ensemble, nous avons entrepris un voyage de d\u00e9couverte dans l'univers \u2013 et souvent, nous sommes rest\u00e9s bouche b\u00e9e d'\u00e9merveillement. Dieu a cr\u00e9\u00e9 un univers si grand et si beau : des galaxies imposantes, des n\u00e9buleuses lumineuses, des trous noirs myst\u00e9rieux, des milliers d'\u00e9toiles \u2013 et quelque part au milieu de tout cela, notre incroyable plan\u00e8te Terre.<\/strong><\/p>\n\n\n\n<figure class=\"wp-block-image size-large\"><img loading=\"lazy\" decoding=\"async\" width=\"1024\" height=\"576\" src=\"https:\/\/www2.msd-online.ch\/wp-content\/uploads\/2025\/08\/KILA25-499-edited-1024x576.jpg\" alt=\"\" class=\"wp-image-285086\" srcset=\"https:\/\/www2.msd-online.ch\/wp-content\/uploads\/2025\/08\/KILA25-499-edited-980x551.jpg 980w, https:\/\/www2.msd-online.ch\/wp-content\/uploads\/2025\/08\/KILA25-499-edited-480x270.jpg 480w\" sizes=\"(min-width: 0px) and (max-width: 480px) 480px, (min-width: 481px) and (max-width: 980px) 980px, (min-width: 981px) 1024px, 100vw\" \/><\/figure>\n\n\n\n<p>M\u00eame si nous ne sommes qu'une infime partie de cet immense cosmos, chacun et chacune d'entre nous est profond\u00e9ment voulu et vu par Dieu. Quel Dieu \u2013 incroyablement grand et pourtant plein d'amour, qui cherche \u00e0 \u00e9tablir une relation avec nous ! Chaque matin, nous nous sommes int\u00e9ress\u00e9s \u00e0 l'espace et \u00e0 Dieu : nous avons chant\u00e9, dans\u00e9 et \u00e9cout\u00e9 des interventions passionnantes, que nous avons approfondies lors de pr\u00e9cieux moments en petits groupes. Chaque jour, nous avons examin\u00e9 de plus pr\u00e8s un nom de Dieu. Notre r\u00e9flexion sur Dieu et sa cr\u00e9ation nous a sans cesse \u00e9merveill\u00e9s.<\/p>\n\n\n\n<p>Une fois de plus, l'entrep\u00f4t Alpenblick \u00e0 Schwarzenegg nous a \u00e9t\u00e9 d'une grande aide. Nous nous sentons tout simplement bien ici ! La maison et son vaste terrain avec terrain de football et for\u00eat sont parfaits pour notre KILA. Le terrain de football a \u00e9t\u00e9 utilis\u00e9 presque sans interruption par les amateurs de sport, tandis que d'autres enfants s'amusaient sur les vieilles balan\u00e7oires ou faisaient voler des ballons de volley et de badminton dans les airs.<\/p>\n\n\n\n<p>L'apr\u00e8s-midi, un programme actif \u00e9tait pr\u00e9vu. Pendant deux jours, des ateliers ont \u00e9t\u00e9 organis\u00e9s avec le soutien d'invit\u00e9s externes, proposant des activit\u00e9s allant de la peinture et du bricolage \u00e0 l'artisanat et au sport. Les olympiades tr\u00e8s appr\u00e9ci\u00e9es, au cours desquelles les \u00e9quipes \u00c4mtli se sont affront\u00e9es dans diff\u00e9rentes disciplines, \u00e9taient \u00e9galement au rendez-vous. La traditionnelle bataille d'eau a certes \u00e9t\u00e9 annul\u00e9e cette ann\u00e9e en raison des conditions m\u00e9t\u00e9orologiques, mais cela n'a pas g\u00e2ch\u00e9 notre plaisir : \u00e0 l'int\u00e9rieur, nous avons jou\u00e9 au baby-foot, \u00e0 des jeux de soci\u00e9t\u00e9 et ri de bon c\u0153ur.<\/p>\n\n\n\n<p>Le mardi a \u00e9t\u00e9 un moment fort : nous avons re\u00e7u la visite d'Erich Strehler, venu de Zurich, qui nous a fait partager ses connaissances en astronomie. Il nous a parl\u00e9 de corps c\u00e9lestes fascinants et nous avons m\u00eame pu observer le soleil \u00e0 travers ses t\u00e9lescopes. Les fus\u00e9es en papier que nous avons ensuite lanc\u00e9es \u00e0 l'aide d'un tuyau et d'un sac en plastique nous ont procur\u00e9 un immense plaisir : des centaines de fus\u00e9es ont survol\u00e9 le camp cet apr\u00e8s-midi-l\u00e0 et dans la soir\u00e9e ! Le soir, nous avons test\u00e9 nos nouvelles connaissances lors d'un quiz passionnant.<\/p>\n\n\n\n<p>Ann\u00e9e apr\u00e8s ann\u00e9e, il est \u00e9mouvant de voir \u00e0 quel point le KILA est un lieu o\u00f9 les relations se d\u00e9veloppent, entre les enfants, mais aussi entre eux et Dieu. La cohabitation anim\u00e9e et chaleureuse cr\u00e9e une atmosph\u00e8re qui a un effet durable. Des amiti\u00e9s se nouent ou se renforcent et perdurent souvent bien au-del\u00e0 du camp.<\/p>\n\n\n\n<p>C'est avec une profonde gratitude que nous repensons \u00e0 cette semaine durant laquelle Dieu a manifestement agi et nous a prot\u00e9g\u00e9s. Il n'y a eu aucun accident grave et nous n'avons jamais autant peu souffert du mal du pays. Nous ne consid\u00e9rons pas les grandes et petites b\u00e9n\u00e9dictions comme allant de soi et rendons toute gloire \u00e0 Dieu pour cela.<\/p>\n<div class=\"et_pb_section_0 et_pb_section et_pb_section--fixed et_section_regular et_flex_section\" id=\"popup_projekte\"><div class=\"et_pb_row_0 et_pb_row et_flex_row\" id=\"popup-projekte-inhalt\"><div class=\"et_pb_column_0 et_pb_column et_flex_column et_pb_css_mix_blend_mode_passthrough et_flex_column_24_24 et_flex_column_24_24_phone\" id=\"bild_popup\"><div class=\"et_pb_code_0 et_pb_code et_pb_module\"><\/div><\/div><div class=\"et_pb_column_1 et_pb_column et-last-child et_flex_column et_pb_css_mix_blend_mode_passthrough et_flex_column_24_24 et_flex_column_24_24_phone\"><div class=\"et_pb_group_0 et_pb_group et_pb_module et_flex_group et_pb_css_mix_blend_mode_passthrough\"><div class=\"et_pb_image_0 et_pb_image et_pb_module et_flex_module\" id=\"logo_popup\"><span class=\"et_pb_image_wrap\"><img src=\"https:\/\/www2.msd-online.ch\/wp-content\/uploads\/2025\/05\/cc_popup.png\" title=\"cc_popup\" width=\"1080\" height=\"226\" srcset=\"https:\/\/www2.msd-online.ch\/wp-content\/uploads\/2025\/05\/cc_popup.png 1080w, https:\/\/www2.msd-online.ch\/wp-content\/uploads\/2025\/05\/cc_popup-980x205.png 980w, https:\/\/www2.msd-online.ch\/wp-content\/uploads\/2025\/05\/cc_popup-480x100.png 480w\" sizes=\"(min-width: 0px) and (max-width: 480px) 480px, (min-width: 481px) and (max-width: 980px) 980px, (min-width: 981px) 1080px, 100vw\" class=\"wp-image-282846\" \/><\/span><\/div><div class=\"et_pb_text_0 et_pb_text et_pb_bg_layout_light et_pb_module et_flex_module\" id=\"beschreibung\"><div class=\"et_pb_text_inner\"><p><span>\"Seit 1962 entwickeln sich die Change Camps stetig weiter. Sie verbinden tiefe Gemeinschaft, starke Gotteserfahrungen und das Eintauchen in andere Kulturen. Durch kreative Outreaches mit Sport, praktischen Eins\u00e4tzen, Worship und Prayer Walks wachsen wir in einen evangelistischen Lebensstil. Unsere Vision ist, Jesus in verschiedenen Nationen bekannt zu machen und Jugendliche f\u00fcr ein Leben zu begeistern, das Gott ehrt. Wir wollen lokale Kirchen unterst\u00fctzen und ein Segen f\u00fcr Menschen vor Ort sein. Ein Change Camp soll das Leben der Teilnehmenden nachhaltig ver\u00e4ndern, ihr Herz neu f\u00fcr Gott entfachen und sie mit Leidenschaft f\u00fcr Mitmenschen, Regionen und Nationen erf\u00fcllen \u2013 damit sie diese Begeisterung auch in ihren Alltag tragen.\"<\/span><\/p>\n<\/div><\/div><div class=\"et_pb_module et_pb_button_module_wrapper et_pb_button_0_wrapper preset--module--divi-button--default_wrapper\"><a class=\"et_pb_button_0 et_pb_button et_pb_bg_layout_dark et_pb_module et_flex_module preset--module--divi-button--default\" href=\"\" target=\"_blank\" id=\"projekt_button\">titel<\/a><\/div><\/div><div class=\"et_pb_icon_0 et_pb_icon et-interaction-target-kp1pp7plxu et_pb_module et_flex_module\" data-interaction-trigger=\"poknua1gij\" data-interaction-target=\"kp1pp7plxu\"><span class=\"et_pb_icon_wrap\"><span class=\"et-pb-icon\">\uf00d<\/span><\/span><\/div><div class=\"et_pb_text_1 et_pb_text et_pb_bg_layout_light et_pb_module et_flex_module\" id=\"kostenstelle\"><div class=\"et_pb_text_inner\"><p><strong>Tu souhaites soutenir financi\u00e8rement le projet ?<br \/>\n<\/strong><spantitillium web=\"\" arial=\"\" font-weight:normal=\"\" font-style:normal=\"\" data-sheets-root=\"1\">Missionswerk msd | Grassiweg 3 | 3714 Frutigen<\/spantitillium><br \/>\nPC-Nr. 30-26890-3 | IBAN CH69 0900 0000 3002 6890 3<br \/>\nMention : <span id=\"kostenstelle-projekt\">projekt<\/span><\/p>\n<\/div><\/div><\/div><\/div><div class=\"et_pb_row_1 et_pb_row et_flex_row\" id=\"popup-loader_projekte\"><div class=\"et_pb_column_2 et_pb_column et-last-child et_flex_column et_pb_css_mix_blend_mode_passthrough et_flex_column_24_24 et_flex_column_24_24_tablet et_flex_column_24_24_phone\"><div class=\"et_pb_code_1 et_pb_code et_pb_module\"><div class=\"et_pb_code_inner\"><div class=\"skeleton-wrapper\">\n  <div class=\"skeleton-links\">\n    <div class=\"skeleton-projekte skeleton-bild\"><\/div>\n  <\/div>\n  <div class=\"skeleton-rechts_p\">\n    <div>\n      \n    \n    <div class=\"skeleton-projekte skeleton-logo\"><\/div>\n    <div class=\"skeleton-projekte skeleton-text_beschreibung\"><\/div>\n    <div class=\"skeleton-projekte skeleton-button\"><\/div>\n    <\/div>\n    \n    <div class=\"skeleton_kostenstelle_p\">\n      <div class=\"skeleton-projekte skeleton-text\"><\/div>\n    <div class=\"skeleton-projekte skeleton-text mittel\"><\/div>\n    <div class=\"skeleton-projekte skeleton-text kurz\"><\/div>\n    <\/div>\n  <\/div>\n<\/div><\/div><\/div><\/div><\/div><\/div><div class=\"et_pb_section_1 et_pb_section et_pb_section--fixed et_section_regular et_flex_section et-interaction-target-tj91x06n4w\" data-interaction-target=\"tj91x06n4w\" id=\"popup_mitarbeiter\"><div class=\"et_pb_row_2 et_pb_row et_flex_row\" id=\"popup-inhalt\"><div class=\"et_pb_column_3 et_pb_column et_flex_column et_pb_css_mix_blend_mode_passthrough et_flex_column_24_24 et_flex_column_24_24_phone\" id=\"bg_bild\"><div class=\"et_pb_code_2 et_pb_code et_pb_module\"><\/div><\/div><div class=\"et_pb_column_4 et_pb_column et-last-child et_flex_column et_pb_css_mix_blend_mode_passthrough et_flex_column_24_24 et_flex_column_24_24_tablet et_flex_column_24_24_phone\"><div class=\"et_pb_image_1 et_pb_image et_pb_module et_flex_module\" id=\"position-bild\"><span class=\"et_pb_image_wrap\"><img src=\"https:\/\/www2.msd-online.ch\/wp-content\/uploads\/2025\/05\/Titel-Yanis.png\" title=\"Titel Yanis\" width=\"591\" height=\"154\" srcset=\"https:\/\/www2.msd-online.ch\/wp-content\/uploads\/2025\/05\/Titel-Yanis.png 591w, https:\/\/www2.msd-online.ch\/wp-content\/uploads\/2025\/05\/Titel-Yanis-480x125.png 480w\" sizes=\"(min-width: 0px) and (max-width: 480px) 480px, (min-width: 481px) 591px, 100vw\" class=\"wp-image-283041\" \/><\/span><\/div><div class=\"et_pb_text_2 et_pb_text et_pb_bg_layout_light et_pb_module et_flex_module\" id=\"mitarbeiter_name\"><div class=\"et_pb_text_inner\"><p><span>Mitarbeiter name<\/span><\/p>\n<\/div><\/div><div class=\"et_pb_group_1 et_pb_group et_pb_module et_flex_group et_pb_css_mix_blend_mode_passthrough\"><div class=\"et_pb_icon_1 et_pb_icon et_clickable et_pb_module et_flex_module\" id=\"email\"><span class=\"et_pb_icon_wrap\"><a href=\"mailto:info@msd-online.ch\" target=\"\"><span class=\"et-pb-icon\">\ue010<\/span><\/a><\/span><\/div><div class=\"et_pb_icon_2 et_pb_icon et_clickable et_pb_module et_flex_module\" id=\"mobile_nummer\"><span class=\"et_pb_icon_wrap\"><a href=\"tel:+41%2078%20225%2046%2036%20\" target=\"\"><span class=\"et-pb-icon\">\uf879<\/span><\/a><\/span><\/div><\/div><div class=\"et_pb_text_3 et_pb_text et_pb_bg_layout_light et_pb_module et_flex_module\" id=\"zitat\"><div class=\"et_pb_text_inner\"><p><span>Zitat<\/span><\/p>\n<\/div><\/div><div class=\"et_pb_text_4 et_pb_text et_pb_bg_layout_light et_pb_module et_flex_module\" id=\"kostenstelle\"><div class=\"et_pb_text_inner\"><p><strong>Tu veux me lib\u00e9rer directement sur le plan financier ?<br \/>\n<\/strong><spantitillium web=\"\" arial=\"\" font-weight:normal=\"\" font-style:normal=\"\" data-sheets-root=\"1\">Missionswerk msd | Grassiweg 3 | 3714 Frutigen<\/spantitillium><br \/>\nPC-Nr. 30-26890-3 | IBAN CH69 0900 0000 3002 6890 3<br \/>\n<span>Mention :\u00a0frais de salaire\u00a0<\/span> <span id=\"kostenstelle-name\">name<\/span><\/p>\n<\/div><\/div><div class=\"et_pb_icon_3 et_pb_icon et-interaction-target-s625yagv4m et_pb_module et_flex_module\" data-interaction-trigger=\"qxdh4ltg2t\" data-interaction-target=\"s625yagv4m\"><span class=\"et_pb_icon_wrap\"><span class=\"et-pb-icon\">\uf00d<\/span><\/span><\/div><\/div><\/div><div class=\"et_pb_row_3 et_pb_row et_flex_row\" id=\"popup-loader_mitarbeiter\"><div class=\"et_pb_column_5 et_pb_column et-last-child et_flex_column et_pb_css_mix_blend_mode_passthrough et_flex_column_24_24 et_flex_column_24_24_tablet et_flex_column_24_24_phone\"><div class=\"et_pb_code_3 et_pb_code et_pb_module\"><div class=\"et_pb_code_inner\"><div class=\"skeleton-wrapper\">\n  <div class=\"skeleton-links\">\n    <div class=\"skeleton skeleton-bild\"><\/div>\n  <\/div>\n  <div class=\"skeleton-rechts\">\n    <div class=\"skeleton skeleton-position\"><\/div>\n    <div class=\"skeleton skeleton-titel\"><\/div>\n    <div class=\"skeleton skeleton-titel-unten\"><\/div>\n    \n    <div class=\"skeleton_icon_wrapper\">\n      <div class=\"skeleton skeleton_icon\"><\/div>\n      <div class=\"skeleton skeleton_icon\"><\/div>\n    <\/div>\n    <div class=\"skeleton_zitat\">\n      <div class=\"skeleton skeleton-text\"><\/div>\n    <div class=\"skeleton skeleton-text mittel\"><\/div>\n    <div class=\"skeleton skeleton-text kurz\"><\/div>\n    <\/div>\n    <div class=\"skeleton_kostenstelle\">\n      <div class=\"skeleton skeleton-text\"><\/div>\n    <div class=\"skeleton skeleton-text mittel\"><\/div>\n    <div class=\"skeleton skeleton-text kurz\"><\/div>\n    <\/div>\n  <\/div>\n<\/div><\/div><\/div><\/div><\/div><\/div>","protected":false},"excerpt":{"rendered":"<p>\u00ab\u00a0Seit 1962 entwickeln sich die Change Camps stetig weiter. Sie verbinden tiefe Gemeinschaft, starke Gotteserfahrungen und das Eintauchen in andere Kulturen. Durch kreative Outreaches mit Sport, praktischen Eins\u00e4tzen, Worship und Prayer Walks wachsen wir in einen evangelistischen Lebensstil. Unsere Vision ist, Jesus in verschiedenen Nationen bekannt zu machen und Jugendliche f\u00fcr ein Leben zu begeistern, &#8230;<\/p>\n","protected":false},"author":9,"featured_media":285059,"comment_status":"open","ping_status":"open","sticky":false,"template":"","format":"standard","meta":{"_acf_changed":false,"footnotes":""},"categories":[133,131,122,154],"tags":[],"class_list":["post-285055","post","type-post","status-publish","format-standard","has-post-thumbnail","hentry","category-blog-fr","category-evenements-fr","category-info-fr","category-mail-fr"],"acf":[],"_links":{"self":[{"href":"https:\/\/www2.msd-online.ch\/fr\/wp-json\/wp\/v2\/posts\/285055","targetHints":{"allow":["GET"]}}],"collection":[{"href":"https:\/\/www2.msd-online.ch\/fr\/wp-json\/wp\/v2\/posts"}],"about":[{"href":"https:\/\/www2.msd-online.ch\/fr\/wp-json\/wp\/v2\/types\/post"}],"author":[{"embeddable":true,"href":"https:\/\/www2.msd-online.ch\/fr\/wp-json\/wp\/v2\/users\/9"}],"replies":[{"embeddable":true,"href":"https:\/\/www2.msd-online.ch\/fr\/wp-json\/wp\/v2\/comments?post=285055"}],"version-history":[{"count":2,"href":"https:\/\/www2.msd-online.ch\/fr\/wp-json\/wp\/v2\/posts\/285055\/revisions"}],"predecessor-version":[{"id":286614,"href":"https:\/\/www2.msd-online.ch\/fr\/wp-json\/wp\/v2\/posts\/285055\/revisions\/286614"}],"wp:featuredmedia":[{"embeddable":true,"href":"https:\/\/www2.msd-online.ch\/fr\/wp-json\/wp\/v2\/media\/285059"}],"wp:attachment":[{"href":"https:\/\/www2.msd-online.ch\/fr\/wp-json\/wp\/v2\/media?parent=285055"}],"wp:term":[{"taxonomy":"category","embeddable":true,"href":"https:\/\/www2.msd-online.ch\/fr\/wp-json\/wp\/v2\/categories?post=285055"},{"taxonomy":"post_tag","embeddable":true,"href":"https:\/\/www2.msd-online.ch\/fr\/wp-json\/wp\/v2\/tags?post=285055"}],"curies":[{"name":"wp","href":"https:\/\/api.w.org\/{rel}","templated":true}]}}