{"id":285626,"date":"2025-11-24T10:57:21","date_gmt":"2025-11-24T09:57:21","guid":{"rendered":"https:\/\/www.msd-online.ch\/?p=285626"},"modified":"2026-03-17T14:09:45","modified_gmt":"2026-03-17T13:09:45","slug":"plus-que-du-surf","status":"publish","type":"post","link":"https:\/\/www2.msd-online.ch\/fr\/plus-que-du-surf\/","title":{"rendered":"Plus que du surf"},"content":{"rendered":"\n<p><strong>Cette ann\u00e9e encore, le Surf Change Camp a eu lieu. \u00c0 Santander, en Espagne, 20 jeunes avides d'aventure se sont jet\u00e9s dans les vagues pour apprendre \u00e0 surfer, mais aussi pour mieux conna\u00eetre Dieu et se laisser transformer par lui.<\/strong><\/p>\n\n<figure class=\"wp-block-image size-large\"><img loading=\"lazy\" decoding=\"async\" width=\"1024\" height=\"768\" src=\"https:\/\/www2.msd-online.ch\/wp-content\/uploads\/2025\/11\/IMG_7505-1024x768.jpg\" alt=\"\" class=\"wp-image-285632\" style=\"aspect-ratio:16\/9;object-fit:cover\" srcset=\"https:\/\/www2.msd-online.ch\/wp-content\/uploads\/2025\/11\/IMG_7505-1024x768.jpg 1024w, https:\/\/www2.msd-online.ch\/wp-content\/uploads\/2025\/11\/IMG_7505-300x225.jpg 300w, https:\/\/www2.msd-online.ch\/wp-content\/uploads\/2025\/11\/IMG_7505-768x576.jpg 768w, https:\/\/www2.msd-online.ch\/wp-content\/uploads\/2025\/11\/IMG_7505-1536x1152.jpg 1536w, https:\/\/www2.msd-online.ch\/wp-content\/uploads\/2025\/11\/IMG_7505-2048x1536.jpg 2048w, https:\/\/www2.msd-online.ch\/wp-content\/uploads\/2025\/11\/IMG_7505-510x382.jpg 510w, https:\/\/www2.msd-online.ch\/wp-content\/uploads\/2025\/11\/IMG_7505-1080x810.jpg 1080w, https:\/\/www2.msd-online.ch\/wp-content\/uploads\/2025\/11\/IMG_7505-1280x960.jpg 1280w, https:\/\/www2.msd-online.ch\/wp-content\/uploads\/2025\/11\/IMG_7505-980x735.jpg 980w, https:\/\/www2.msd-online.ch\/wp-content\/uploads\/2025\/11\/IMG_7505-480x360.jpg 480w\" sizes=\"(max-width: 1024px) 100vw, 1024px\" \/><\/figure>\n\n<p>Le camp a \u00e9t\u00e9 marqu\u00e9 par une belle dynamique de groupe, o\u00f9 les participants se sont entraid\u00e9s, ont ri ensemble et ont appris ensemble comment fonctionne exactement le surf. Nous avons pu profiter d'un temps magnifique en Espagne et les vagues \u00e9taient g\u00e9n\u00e9ralement id\u00e9ales pour s'entra\u00eener \u00e0 se tenir debout sur la planche.<\/p>\n\n<p>En plus du surf et des moments pass\u00e9s ensemble, ils ont \u00e9galement apport\u00e9 leur aide pratique dans la vie quotidienne du camp. Nous avons men\u00e9 trois missions \u00e0 deux endroits diff\u00e9rents. D'une part, nous avons aid\u00e9 \u00e0 trouver un logement \u00e0 Santander. L\u00e0-bas, nous avons pu effectuer des travaux de jardinage g\u00e9n\u00e9raux autour de la maison et ainsi rendre service \u00e0 notre h\u00f4te. Nous avons men\u00e9 notre deuxi\u00e8me action b\u00e9n\u00e9vole dans un ancien monast\u00e8re qui sert d\u00e9sormais de lieu de retraite pour les personnes qui en ont besoin, celles qui souhaitent se lib\u00e9rer d'une addiction ou celles qui cherchent leur vocation. L\u00e0-bas, nous avons pu aider \u00e0 nettoyer et \u00e0 pr\u00e9parer une vieille maison abandonn\u00e9e dans la for\u00eat en vue de travaux de peinture. Cette maison sera utilis\u00e9e \u00e0 l'avenir comme lieu de retraite pour des week-ends de pri\u00e8re et comme maison de vacances pour les missionnaires.<\/p>\n\n<p>Une mission \u00e9vang\u00e9lique sur la plage faisait \u00e9galement partie du Change Camp. Comme beaucoup de personnes dans la r\u00e9gion de Santander ne parlent pas ou peu l'anglais et que nous ne parlons que tr\u00e8s peu l'espagnol, nous avons cherch\u00e9 des moyens cr\u00e9atifs pour transmettre l'\u00c9vangile. Nous avons ainsi \u00e9crit des versets bibliques \u00e0 la craie sur le sol ou distribu\u00e9 des petits papiers avec des versets bibliques encourageants. C'\u00e9tait tr\u00e8s agr\u00e9able de voir comment le campement a apport\u00e9 un peu de couleur au parking de la plage et que les passants s'int\u00e9ressaient \u00e0 ce qui \u00e9tait \u00e9crit par terre.<\/p>\n\n<p>Le soir, nous avons pu passer du temps ensemble avec Dieu. Cela s'est fait par la louange, en petits groupes et aussi \u00e0 travers un message que l'un d'entre nous avait pr\u00e9par\u00e9 et partag\u00e9. Ce furent des moments tr\u00e8s \u00e9mouvants et intenses.<\/p>\n\n<p>Cette semaine en Espagne a \u00e9t\u00e9 un vrai bonheur pour nous. C'\u00e9tait incroyablement beau de voir comment les participants ont tous pu tirer quelque chose pour leur vie et comment Dieu a pu toucher leur c\u0153ur. Apr\u00e8s une semaine au Surf Change Camp, nous n'avons pas seulement surf\u00e9, nous nous sommes aussi fait de nouveaux amis, nous avons grandi dans la foi et nous avons pass\u00e9 un moment formidable ensemble. Nous sommes reconnaissants pour le beau temps, le voyage en toute s\u00e9curit\u00e9 et les beaux moments pass\u00e9s sur la planche de surf.<\/p>\n<div class=\"et_pb_section_0 et_pb_section et_pb_section--fixed et_section_regular et_flex_section\" id=\"popup_projekte\"><div class=\"et_pb_row_0 et_pb_row et_flex_row\" id=\"popup-projekte-inhalt\"><div class=\"et_pb_column_0 et_pb_column et_flex_column et_pb_css_mix_blend_mode_passthrough et_flex_column_24_24 et_flex_column_24_24_phone\" id=\"bild_popup\"><div class=\"et_pb_code_0 et_pb_code et_pb_module\"><\/div><\/div><div class=\"et_pb_column_1 et_pb_column et-last-child et_flex_column et_pb_css_mix_blend_mode_passthrough et_flex_column_24_24 et_flex_column_24_24_phone\"><div class=\"et_pb_group_0 et_pb_group et_pb_module et_flex_group et_pb_css_mix_blend_mode_passthrough\"><div class=\"et_pb_image_0 et_pb_image et_pb_module et_flex_module\" id=\"logo_popup\"><span class=\"et_pb_image_wrap\"><img src=\"https:\/\/www2.msd-online.ch\/wp-content\/uploads\/2025\/05\/cc_popup.png\" title=\"cc_popup\" width=\"1080\" height=\"226\" srcset=\"https:\/\/www2.msd-online.ch\/wp-content\/uploads\/2025\/05\/cc_popup.png 1080w, https:\/\/www2.msd-online.ch\/wp-content\/uploads\/2025\/05\/cc_popup-980x205.png 980w, https:\/\/www2.msd-online.ch\/wp-content\/uploads\/2025\/05\/cc_popup-480x100.png 480w\" sizes=\"(min-width: 0px) and (max-width: 480px) 480px, (min-width: 481px) and (max-width: 980px) 980px, (min-width: 981px) 1080px, 100vw\" class=\"wp-image-282846\" \/><\/span><\/div><div class=\"et_pb_text_0 et_pb_text et_pb_bg_layout_light et_pb_module et_flex_module\" id=\"beschreibung\"><div class=\"et_pb_text_inner\"><p><span>\"Seit 1962 entwickeln sich die Change Camps stetig weiter. Sie verbinden tiefe Gemeinschaft, starke Gotteserfahrungen und das Eintauchen in andere Kulturen. Durch kreative Outreaches mit Sport, praktischen Eins\u00e4tzen, Worship und Prayer Walks wachsen wir in einen evangelistischen Lebensstil. Unsere Vision ist, Jesus in verschiedenen Nationen bekannt zu machen und Jugendliche f\u00fcr ein Leben zu begeistern, das Gott ehrt. Wir wollen lokale Kirchen unterst\u00fctzen und ein Segen f\u00fcr Menschen vor Ort sein. Ein Change Camp soll das Leben der Teilnehmenden nachhaltig ver\u00e4ndern, ihr Herz neu f\u00fcr Gott entfachen und sie mit Leidenschaft f\u00fcr Mitmenschen, Regionen und Nationen erf\u00fcllen \u2013 damit sie diese Begeisterung auch in ihren Alltag tragen.\"<\/span><\/p>\n<\/div><\/div><div class=\"et_pb_module et_pb_button_module_wrapper et_pb_button_0_wrapper preset--module--divi-button--default_wrapper\"><a class=\"et_pb_button_0 et_pb_button et_pb_bg_layout_dark et_pb_module et_flex_module preset--module--divi-button--default\" href=\"\" target=\"_blank\" id=\"projekt_button\">titel<\/a><\/div><\/div><div class=\"et_pb_icon_0 et_pb_icon et-interaction-target-kp1pp7plxu et_pb_module et_flex_module\" data-interaction-trigger=\"poknua1gij\" data-interaction-target=\"kp1pp7plxu\"><span class=\"et_pb_icon_wrap\"><span class=\"et-pb-icon\">\uf00d<\/span><\/span><\/div><div class=\"et_pb_text_1 et_pb_text et_pb_bg_layout_light et_pb_module et_flex_module\" id=\"kostenstelle\"><div class=\"et_pb_text_inner\"><p><strong>Tu souhaites soutenir financi\u00e8rement le projet ?<br \/>\n<\/strong><spantitillium web=\"\" arial=\"\" font-weight:normal=\"\" font-style:normal=\"\" data-sheets-root=\"1\">Missionswerk msd | Grassiweg 3 | 3714 Frutigen<\/spantitillium><br \/>\nPC-Nr. 30-26890-3 | IBAN CH69 0900 0000 3002 6890 3<br \/>\nMention : <span id=\"kostenstelle-projekt\">projekt<\/span><\/p>\n<\/div><\/div><\/div><\/div><div class=\"et_pb_row_1 et_pb_row et_flex_row\" id=\"popup-loader_projekte\"><div class=\"et_pb_column_2 et_pb_column et-last-child et_flex_column et_pb_css_mix_blend_mode_passthrough et_flex_column_24_24 et_flex_column_24_24_tablet et_flex_column_24_24_phone\"><div class=\"et_pb_code_1 et_pb_code et_pb_module\"><div class=\"et_pb_code_inner\"><div class=\"skeleton-wrapper\">\n  <div class=\"skeleton-links\">\n    <div class=\"skeleton-projekte skeleton-bild\"><\/div>\n  <\/div>\n  <div class=\"skeleton-rechts_p\">\n    <div>\n      \n    \n    <div class=\"skeleton-projekte skeleton-logo\"><\/div>\n    <div class=\"skeleton-projekte skeleton-text_beschreibung\"><\/div>\n    <div class=\"skeleton-projekte skeleton-button\"><\/div>\n    <\/div>\n    \n    <div class=\"skeleton_kostenstelle_p\">\n      <div class=\"skeleton-projekte skeleton-text\"><\/div>\n    <div class=\"skeleton-projekte skeleton-text mittel\"><\/div>\n    <div class=\"skeleton-projekte skeleton-text kurz\"><\/div>\n    <\/div>\n  <\/div>\n<\/div><\/div><\/div><\/div><\/div><\/div><div class=\"et_pb_section_1 et_pb_section et_pb_section--fixed et_section_regular et_flex_section et-interaction-target-tj91x06n4w\" data-interaction-target=\"tj91x06n4w\" id=\"popup_mitarbeiter\"><div class=\"et_pb_row_2 et_pb_row et_flex_row\" id=\"popup-inhalt\"><div class=\"et_pb_column_3 et_pb_column et_flex_column et_pb_css_mix_blend_mode_passthrough et_flex_column_24_24 et_flex_column_24_24_phone\" id=\"bg_bild\"><div class=\"et_pb_code_2 et_pb_code et_pb_module\"><\/div><\/div><div class=\"et_pb_column_4 et_pb_column et-last-child et_flex_column et_pb_css_mix_blend_mode_passthrough et_flex_column_24_24 et_flex_column_24_24_tablet et_flex_column_24_24_phone\"><div class=\"et_pb_image_1 et_pb_image et_pb_module et_flex_module\" id=\"position-bild\"><span class=\"et_pb_image_wrap\"><img src=\"https:\/\/www2.msd-online.ch\/wp-content\/uploads\/2025\/05\/Titel-Yanis.png\" title=\"Titel Yanis\" width=\"591\" height=\"154\" srcset=\"https:\/\/www2.msd-online.ch\/wp-content\/uploads\/2025\/05\/Titel-Yanis.png 591w, https:\/\/www2.msd-online.ch\/wp-content\/uploads\/2025\/05\/Titel-Yanis-480x125.png 480w\" sizes=\"(min-width: 0px) and (max-width: 480px) 480px, (min-width: 481px) 591px, 100vw\" class=\"wp-image-283041\" \/><\/span><\/div><div class=\"et_pb_text_2 et_pb_text et_pb_bg_layout_light et_pb_module et_flex_module\" id=\"mitarbeiter_name\"><div class=\"et_pb_text_inner\"><p><span>Mitarbeiter name<\/span><\/p>\n<\/div><\/div><div class=\"et_pb_group_1 et_pb_group et_pb_module et_flex_group et_pb_css_mix_blend_mode_passthrough\"><div class=\"et_pb_icon_1 et_pb_icon et_clickable et_pb_module et_flex_module\" id=\"email\"><span class=\"et_pb_icon_wrap\"><a href=\"mailto:info@msd-online.ch\" target=\"\"><span class=\"et-pb-icon\">\ue010<\/span><\/a><\/span><\/div><div class=\"et_pb_icon_2 et_pb_icon et_clickable et_pb_module et_flex_module\" id=\"mobile_nummer\"><span class=\"et_pb_icon_wrap\"><a href=\"tel:+41%2078%20225%2046%2036%20\" target=\"\"><span class=\"et-pb-icon\">\uf879<\/span><\/a><\/span><\/div><\/div><div class=\"et_pb_text_3 et_pb_text et_pb_bg_layout_light et_pb_module et_flex_module\" id=\"zitat\"><div class=\"et_pb_text_inner\"><p><span>Zitat<\/span><\/p>\n<\/div><\/div><div class=\"et_pb_text_4 et_pb_text et_pb_bg_layout_light et_pb_module et_flex_module\" id=\"kostenstelle\"><div class=\"et_pb_text_inner\"><p><strong>Tu veux me lib\u00e9rer directement sur le plan financier ?<br \/>\n<\/strong><spantitillium web=\"\" arial=\"\" font-weight:normal=\"\" font-style:normal=\"\" data-sheets-root=\"1\">Missionswerk msd | Grassiweg 3 | 3714 Frutigen<\/spantitillium><br \/>\nPC-Nr. 30-26890-3 | IBAN CH69 0900 0000 3002 6890 3<br \/>\n<span>Mention :\u00a0frais de salaire\u00a0<\/span> <span id=\"kostenstelle-name\">name<\/span><\/p>\n<\/div><\/div><div class=\"et_pb_icon_3 et_pb_icon et-interaction-target-s625yagv4m et_pb_module et_flex_module\" data-interaction-trigger=\"qxdh4ltg2t\" data-interaction-target=\"s625yagv4m\"><span class=\"et_pb_icon_wrap\"><span class=\"et-pb-icon\">\uf00d<\/span><\/span><\/div><\/div><\/div><div class=\"et_pb_row_3 et_pb_row et_flex_row\" id=\"popup-loader_mitarbeiter\"><div class=\"et_pb_column_5 et_pb_column et-last-child et_flex_column et_pb_css_mix_blend_mode_passthrough et_flex_column_24_24 et_flex_column_24_24_tablet et_flex_column_24_24_phone\"><div class=\"et_pb_code_3 et_pb_code et_pb_module\"><div class=\"et_pb_code_inner\"><div class=\"skeleton-wrapper\">\n  <div class=\"skeleton-links\">\n    <div class=\"skeleton skeleton-bild\"><\/div>\n  <\/div>\n  <div class=\"skeleton-rechts\">\n    <div class=\"skeleton skeleton-position\"><\/div>\n    <div class=\"skeleton skeleton-titel\"><\/div>\n    <div class=\"skeleton skeleton-titel-unten\"><\/div>\n    \n    <div class=\"skeleton_icon_wrapper\">\n      <div class=\"skeleton skeleton_icon\"><\/div>\n      <div class=\"skeleton skeleton_icon\"><\/div>\n    <\/div>\n    <div class=\"skeleton_zitat\">\n      <div class=\"skeleton skeleton-text\"><\/div>\n    <div class=\"skeleton skeleton-text mittel\"><\/div>\n    <div class=\"skeleton skeleton-text kurz\"><\/div>\n    <\/div>\n    <div class=\"skeleton_kostenstelle\">\n      <div class=\"skeleton skeleton-text\"><\/div>\n    <div class=\"skeleton skeleton-text mittel\"><\/div>\n    <div class=\"skeleton skeleton-text kurz\"><\/div>\n    <\/div>\n  <\/div>\n<\/div><\/div><\/div><\/div><\/div><\/div>","protected":false},"excerpt":{"rendered":"<p>\u00ab\u00a0Seit 1962 entwickeln sich die Change Camps stetig weiter. Sie verbinden tiefe Gemeinschaft, starke Gotteserfahrungen und das Eintauchen in andere Kulturen. Durch kreative Outreaches mit Sport, praktischen Eins\u00e4tzen, Worship und Prayer Walks wachsen wir in einen evangelistischen Lebensstil. Unsere Vision ist, Jesus in verschiedenen Nationen bekannt zu machen und Jugendliche f\u00fcr ein Leben zu begeistern, &#8230;<\/p>\n","protected":false},"author":5,"featured_media":285642,"comment_status":"open","ping_status":"open","sticky":false,"template":"","format":"standard","meta":{"_acf_changed":false,"footnotes":""},"categories":[131,122,154],"tags":[],"class_list":["post-285626","post","type-post","status-publish","format-standard","has-post-thumbnail","hentry","category-evenements-fr","category-info-fr","category-mail-fr"],"acf":[],"_links":{"self":[{"href":"https:\/\/www2.msd-online.ch\/fr\/wp-json\/wp\/v2\/posts\/285626","targetHints":{"allow":["GET"]}}],"collection":[{"href":"https:\/\/www2.msd-online.ch\/fr\/wp-json\/wp\/v2\/posts"}],"about":[{"href":"https:\/\/www2.msd-online.ch\/fr\/wp-json\/wp\/v2\/types\/post"}],"author":[{"embeddable":true,"href":"https:\/\/www2.msd-online.ch\/fr\/wp-json\/wp\/v2\/users\/5"}],"replies":[{"embeddable":true,"href":"https:\/\/www2.msd-online.ch\/fr\/wp-json\/wp\/v2\/comments?post=285626"}],"version-history":[{"count":4,"href":"https:\/\/www2.msd-online.ch\/fr\/wp-json\/wp\/v2\/posts\/285626\/revisions"}],"predecessor-version":[{"id":286635,"href":"https:\/\/www2.msd-online.ch\/fr\/wp-json\/wp\/v2\/posts\/285626\/revisions\/286635"}],"wp:featuredmedia":[{"embeddable":true,"href":"https:\/\/www2.msd-online.ch\/fr\/wp-json\/wp\/v2\/media\/285642"}],"wp:attachment":[{"href":"https:\/\/www2.msd-online.ch\/fr\/wp-json\/wp\/v2\/media?parent=285626"}],"wp:term":[{"taxonomy":"category","embeddable":true,"href":"https:\/\/www2.msd-online.ch\/fr\/wp-json\/wp\/v2\/categories?post=285626"},{"taxonomy":"post_tag","embeddable":true,"href":"https:\/\/www2.msd-online.ch\/fr\/wp-json\/wp\/v2\/tags?post=285626"}],"curies":[{"name":"wp","href":"https:\/\/api.w.org\/{rel}","templated":true}]}}